{"id":2006,"date":"2025-05-12T08:04:07","date_gmt":"2025-05-12T06:04:07","guid":{"rendered":"https:\/\/www.kmu-beratung-luftfahrt.de\/?p=2006"},"modified":"2025-05-13T10:28:31","modified_gmt":"2025-05-13T08:28:31","slug":"areana-startet-synergy-memorandum-of-understanding-zur-foerderung-der-europaeischen-luftfahrtforschungskooperation","status":"publish","type":"post","link":"https:\/\/www.kmu-beratung-luftfahrt.de\/index.php\/2025\/05\/12\/areana-startet-synergy-memorandum-of-understanding-zur-foerderung-der-europaeischen-luftfahrtforschungskooperation\/","title":{"rendered":"AREANA startet Synergy Memorandum of Understanding zur F\u00f6rderung der europ\u00e4ischen Luftfahrtforschungskooperation"},"content":{"rendered":"\t\t<div data-elementor-type=\"wp-post\" data-elementor-id=\"2006\" class=\"elementor elementor-2006\" data-elementor-post-type=\"post\">\n\t\t\t\t<div class=\"elementor-element elementor-element-66f8be8 e-flex e-con-boxed e-con e-parent\" data-id=\"66f8be8\" data-element_type=\"container\">\n\t\t\t\t\t<div class=\"e-con-inner\">\n\t\t\t\t<div class=\"elementor-element elementor-element-deb2f70 elementor-widget elementor-widget-text-editor\" data-id=\"deb2f70\" data-element_type=\"widget\" data-widget_type=\"text-editor.default\">\n\t\t\t\t<div class=\"elementor-widget-container\">\n\t\t\t\t\t\t\t\t\t<div class=\"slate next--is--same--backgroundColor previous--is--same--backgroundColor next--is--same--block-type is--first--of--block-type next--is--slate previous--is--title\"><p>Im Rahmen der Aerodays 2025 in Warschau, Polen, wurde am 8. Mai 2025 das &#8222;AREANA Synergy MoU&#8220; unterzeichnet. Dieses markiert einen wichtigen Meilenstein in der europ\u00e4ischen Luftfahrtforschung.<\/p><\/div><div class=\"slate next--is--same--backgroundColor previous--is--same--backgroundColor previous--is--same--block-type next--is--same--block-type next--is--slate\"><p>Dieses neue Memorandum of Understanding (MoU) soll nachhaltige Synergien und eine vertiefte Zusammenarbeit innerhalb des \u00d6kosystems der europ\u00e4ischen Luftfahrtforschung f\u00f6rdern.<\/p><\/div><div class=\"slate next--is--same--backgroundColor previous--is--same--backgroundColor previous--is--same--block-type next--is--same--block-type next--is--slate\"><p>Die Absichtserkl\u00e4rung stellt eine kollektive Verpflichtung mehrerer europ\u00e4ischer Ministerien und anderer f\u00fcr die Luftfahrtforschung verantwortlicher Projekttr\u00e4ger dar. Die Initiative zielt darauf ab, den Weg f\u00fcr eine langfristige Zusammenarbeit zu ebnen. Eine erste Gruppe von Unterzeichnern stammt aus \u00d6sterreich, Deutschland, den Niederlanden, Rum\u00e4nien und dem Vereinigten K\u00f6nigreich.<\/p><\/div><div class=\"slate next--is--same--backgroundColor previous--is--same--backgroundColor previous--is--same--block-type next--is--same--block-type next--is--slate\"><p>Das AREANA-Team plant, auf dieser Grundlage aufzubauen und weitere Interessengruppen in ganz Europa und dar\u00fcber hinaus einzubeziehen. Ihr Ziel ist es, das Netzwerk schrittweise zu erweitern und gemeinsame Aktionen zu gemeinsamen Forschungspriorit\u00e4ten zu f\u00f6rdern. Dabei sind sie offen f\u00fcr die Zusammenarbeit mit L\u00e4ndern au\u00dferhalb Europas, die mit den europ\u00e4ischen Werten \u00fcbereinstimmen und eine enge Zusammenarbeit mit der europ\u00e4ischen Forschungsgemeinschaft anstreben.<\/p><\/div><div class=\"slate next--is--same--backgroundColor previous--is--same--backgroundColor previous--is--same--block-type next--is--same--block-type next--is--slate\"><p>Das AREANA Synergy MoU umrei\u00dft einen flexiblen Rahmen von Aktivit\u00e4ten, die die Unterzeichner auf der Grundlage ihrer strategischen Ziele und Kapazit\u00e4ten \u00fcbernehmen k\u00f6nnen. Dazu geh\u00f6ren die gemeinsame Forschungsfinanzierung, die gemeinsame Entwicklung von Strategien, die gemeinsame Nutzung von Daten und die verst\u00e4rkte Nutzung der Forschungs- und Technologieinfrastruktur in der Luftfahrt.<\/p><\/div><div class=\"slate next--is--same--backgroundColor previous--is--same--backgroundColor previous--is--same--block-type is--last--of--block-type next--is--quote\"><p>Hartwig Hagena, Leiter des AREANA Synergy Work Package, unterstreicht die \u00fcbergeordnete Bedeutung dieser Initiative und erkl\u00e4rt:<\/p><\/div>\t\t\t\t\t\t\t\t<\/div>\n\t\t\t\t<\/div>\n\t\t\t\t<div class=\"elementor-element elementor-element-7787753 elementor-blockquote--skin-border elementor-blockquote--button-color-official elementor-widget elementor-widget-blockquote\" data-id=\"7787753\" data-element_type=\"widget\" data-widget_type=\"blockquote.default\">\n\t\t\t\t<div class=\"elementor-widget-container\">\n\t\t\t\t\t\t\t<blockquote class=\"elementor-blockquote\">\n\t\t\t<p class=\"elementor-blockquote__content\">\n\t\t\t\t\"Genau 80 Jahre nach dem Ende des Zweiten Weltkriegs mit seinen beispiellosen Zerst\u00f6rungen in Europa befinden wir uns erneut in einer historisch kritischen Situation, die dringend eine verst\u00e4rkte europ\u00e4ische Zusammenarbeit erfordert. Ich bin pers\u00f6nlich erfreut und dankbar f\u00fcr die gro\u00dfe Bereitschaft der unterzeichnenden Organisationen, zu diesem gemeinsamen Weg beizutragen.\"\t\t\t<\/p>\n\t\t\t\t\t<\/blockquote>\n\t\t\t\t\t\t<\/div>\n\t\t\t\t<\/div>\n\t\t\t\t<div class=\"elementor-element elementor-element-bce4765 elementor-widget elementor-widget-spacer\" data-id=\"bce4765\" data-element_type=\"widget\" data-widget_type=\"spacer.default\">\n\t\t\t\t<div class=\"elementor-widget-container\">\n\t\t\t\t\t\t\t<div class=\"elementor-spacer\">\n\t\t\t<div class=\"elementor-spacer-inner\"><\/div>\n\t\t<\/div>\n\t\t\t\t\t\t<\/div>\n\t\t\t\t<\/div>\n\t\t\t\t<div class=\"elementor-element elementor-element-5a6ba0b elementor-widget elementor-widget-text-editor\" data-id=\"5a6ba0b\" data-element_type=\"widget\" data-widget_type=\"text-editor.default\">\n\t\t\t\t<div class=\"elementor-widget-container\">\n\t\t\t\t\t\t\t\t\t<div class=\"slate next--is--same--backgroundColor previous--is--same--backgroundColor next--is--same--block-type is--first--of--block-type next--is--slate\">\n<p>Der Start des AREANA Synergy MoU ist eine rechtzeitige Erinnerung an die Kraft der Zusammenarbeit bei der Gestaltung einer widerstandsf\u00e4higen und innovativen Zukunft.<\/p>\n<\/div>\n<div class=\"slate next--is--different--backgroundColor previous--is--same--backgroundColor previous--is--same--block-type is--last--of--block-type next--is--contactList\">\n<p>Weitere Informationen zum Synergy MoU und der AREANA Advisory and Support Group (AASG) finden Sie unter&nbsp;<a href=\"https:\/\/areanasynergies.eu\/\" target=\"_blank\" rel=\"noopener noreferrer\">https:\/\/areanasynergies.eu\/<\/a><\/p>\n<\/div>\t\t\t\t\t\t\t\t<\/div>\n\t\t\t\t<\/div>\n\t\t\t\t\t<\/div>\n\t\t\t\t<\/div>\n\t\t<div class=\"elementor-element elementor-element-cbdacbc e-flex e-con-boxed e-con e-parent\" data-id=\"cbdacbc\" data-element_type=\"container\">\n\t\t\t\t\t<div class=\"e-con-inner\">\n\t\t\t\t\t<\/div>\n\t\t\t\t<\/div>\n\t\t\t\t<\/div>\n\t\t","protected":false},"excerpt":{"rendered":"<p>Im Rahmen der Aerodays 2025 in Warschau, Polen, wurde am 8. Mai 2025 das &#8222;AREANA Synergy MoU&#8220; unterzeichnet. Dieses markiert einen wichtigen Meilenstein in der europ\u00e4ischen Luftfahrtforschung.<\/p>\n","protected":false},"author":14,"featured_media":2011,"comment_status":"closed","ping_status":"open","sticky":false,"template":"","format":"standard","meta":{"site-sidebar-layout":"default","site-content-layout":"","ast-site-content-layout":"default","site-content-style":"default","site-sidebar-style":"default","ast-global-header-display":"","ast-banner-title-visibility":"","ast-main-header-display":"","ast-hfb-above-header-display":"","ast-hfb-below-header-display":"","ast-hfb-mobile-header-display":"","site-post-title":"","ast-breadcrumbs-content":"","ast-featured-img":"","footer-sml-layout":"","theme-transparent-header-meta":"","adv-header-id-meta":"","stick-header-meta":"","header-above-stick-meta":"","header-main-stick-meta":"","header-below-stick-meta":"","astra-migrate-meta-layouts":"set","ast-page-background-enabled":"default","ast-page-background-meta":{"desktop":{"background-color":"","background-image":"","background-repeat":"repeat","background-position":"center center","background-size":"auto","background-attachment":"scroll","background-type":"","background-media":"","overlay-type":"","overlay-color":"","overlay-opacity":"","overlay-gradient":""},"tablet":{"background-color":"","background-image":"","background-repeat":"repeat","background-position":"center center","background-size":"auto","background-attachment":"scroll","background-type":"","background-media":"","overlay-type":"","overlay-color":"","overlay-opacity":"","overlay-gradient":""},"mobile":{"background-color":"","background-image":"","background-repeat":"repeat","background-position":"center center","background-size":"auto","background-attachment":"scroll","background-type":"","background-media":"","overlay-type":"","overlay-color":"","overlay-opacity":"","overlay-gradient":""}},"ast-content-background-meta":{"desktop":{"background-color":"var(--ast-global-color-5)","background-image":"","background-repeat":"repeat","background-position":"center center","background-size":"auto","background-attachment":"scroll","background-type":"","background-media":"","overlay-type":"","overlay-color":"","overlay-opacity":"","overlay-gradient":""},"tablet":{"background-color":"var(--ast-global-color-5)","background-image":"","background-repeat":"repeat","background-position":"center center","background-size":"auto","background-attachment":"scroll","background-type":"","background-media":"","overlay-type":"","overlay-color":"","overlay-opacity":"","overlay-gradient":""},"mobile":{"background-color":"var(--ast-global-color-5)","background-image":"","background-repeat":"repeat","background-position":"center center","background-size":"auto","background-attachment":"scroll","background-type":"","background-media":"","overlay-type":"","overlay-color":"","overlay-opacity":"","overlay-gradient":""}},"iawp_total_views":8,"footnotes":""},"categories":[1],"tags":[7],"class_list":["post-2006","post","type-post","status-publish","format-standard","has-post-thumbnail","hentry","category-news","tag-startseite"],"publishpress_future_action":{"enabled":false,"date":"2026-05-08 07:29:37","action":"change-status","newStatus":"draft","terms":[],"taxonomy":"category","extraData":[]},"publishpress_future_workflow_manual_trigger":{"enabledWorkflows":[]},"_links":{"self":[{"href":"https:\/\/www.kmu-beratung-luftfahrt.de\/index.php\/wp-json\/wp\/v2\/posts\/2006","targetHints":{"allow":["GET"]}}],"collection":[{"href":"https:\/\/www.kmu-beratung-luftfahrt.de\/index.php\/wp-json\/wp\/v2\/posts"}],"about":[{"href":"https:\/\/www.kmu-beratung-luftfahrt.de\/index.php\/wp-json\/wp\/v2\/types\/post"}],"author":[{"embeddable":true,"href":"https:\/\/www.kmu-beratung-luftfahrt.de\/index.php\/wp-json\/wp\/v2\/users\/14"}],"replies":[{"embeddable":true,"href":"https:\/\/www.kmu-beratung-luftfahrt.de\/index.php\/wp-json\/wp\/v2\/comments?post=2006"}],"version-history":[{"count":7,"href":"https:\/\/www.kmu-beratung-luftfahrt.de\/index.php\/wp-json\/wp\/v2\/posts\/2006\/revisions"}],"predecessor-version":[{"id":2014,"href":"https:\/\/www.kmu-beratung-luftfahrt.de\/index.php\/wp-json\/wp\/v2\/posts\/2006\/revisions\/2014"}],"wp:featuredmedia":[{"embeddable":true,"href":"https:\/\/www.kmu-beratung-luftfahrt.de\/index.php\/wp-json\/wp\/v2\/media\/2011"}],"wp:attachment":[{"href":"https:\/\/www.kmu-beratung-luftfahrt.de\/index.php\/wp-json\/wp\/v2\/media?parent=2006"}],"wp:term":[{"taxonomy":"category","embeddable":true,"href":"https:\/\/www.kmu-beratung-luftfahrt.de\/index.php\/wp-json\/wp\/v2\/categories?post=2006"},{"taxonomy":"post_tag","embeddable":true,"href":"https:\/\/www.kmu-beratung-luftfahrt.de\/index.php\/wp-json\/wp\/v2\/tags?post=2006"}],"curies":[{"name":"wp","href":"https:\/\/api.w.org\/{rel}","templated":true}]}}